{"id":3880,"date":"2020-12-11T11:56:49","date_gmt":"2020-12-11T14:56:49","guid":{"rendered":"https:\/\/www.tercaria.com.br\/?p=3880"},"modified":"2021-12-25T12:06:16","modified_gmt":"2021-12-25T15:06:16","slug":"ensino-hibrido","status":"publish","type":"post","link":"https:\/\/www.tercaria.com.br\/?p=3880","title":{"rendered":"Ensino H\u00edbrido"},"content":{"rendered":"<p>[vc_row][vc_column][vc_column_text]As tecnologias, sobretudo as m\u00eddias digitais, t\u00eam sido estudadas h\u00e1 d\u00e9cadas por pesquisadores<br \/>\npreocupados em fazer a integra\u00e7\u00e3o tecnologia e escola, on-line e presencial.<br \/>\nDe um modo geral, as tecnologias ainda n\u00e3o fazem parte do cotidiano escolar e sabemos que a<br \/>\neduca\u00e7\u00e3o formal nem sempre soube usufruir delas, mesmo com os in\u00fameros recursos<br \/>\nprovenientes do acesso \u00e0 internet.<br \/>\nA pandemia do coronavirus em 2020 colocou \u00e0 prova a educa\u00e7\u00e3o cem por cento presencial, pois<br \/>\nfor\u00e7ou as escolas a fecharem suas portas f\u00edsicas e as obrigou, caso quisessem continuar<br \/>\nfuncionando, a utilizar tecnologias, em especial a internet.<br \/>\nAs escolas entraram no esquema de &#8220;ensino emergencial remoto&#8221;, que difere em muito, por<br \/>\nraz\u00f5es que n\u00e3o s\u00e3o o foco deste livro, da &#8220;educa\u00e7\u00e3o a dist\u00e2ncia&#8221;, mas tamb\u00e9m que n\u00e3o a<br \/>\ndesqualifica.<br \/>\nA pandemia deixar\u00e1 essa marca do aprendizado de um uso, ainda que for\u00e7ado em muitos casos,<br \/>\nda educa\u00e7\u00e3o on-line nas escolas. De fato, ap\u00f3s a pandemia, esperamos que as escolas estejam<br \/>\nmais abertas para uma possibilidade h\u00edbrida de educa\u00e7\u00e3o. Este livro \u00e9 apenas uma conversa<br \/>\ninicial sobre esse tema.<br \/>\nMeus agradecimentos \u00e0 Wanderl\u00e9a Pereira Dam\u00e1sio Maur\u00edcio pelo pref\u00e1cio, ao Jorge Mois\u00e9s<br \/>\nKroll do Prado pela ficha catalogr\u00e1fica, \u00e0 Patr\u00edcia Gon\u00e7alves Ribeiro pela revis\u00e3o de l\u00edngua<br \/>\nportuguesa e \u00e0 Elisabete Werlang pela revis\u00e3o da diagrama\u00e7\u00e3o.<br \/>\nBoa leitura![\/vc_column_text][\/vc_column][\/vc_row][vc_row][vc_column][vc_btn title=&#8221;Baixe o livro gratuitamente aqui&#8221; color=&#8221;primary&#8221; link=&#8221;url:https%3A%2F%2Fdrive.google.com%2Ffile%2Fd%2F1YoQO0oQSqoEKPjSSLc6iJoeDwVWuCPeP%2Fview%3Fusp%3Dsharing|title:Mais%20detalhes%20e%20como%20adquirir|target:_blank&#8221;][\/vc_column][\/vc_row]<\/p>\n","protected":false},"excerpt":{"rendered":"<p>[vc_row][vc_column][vc_column_text]As tecnologias, sobretudo as m\u00eddias digitais, t\u00eam sido estudadas h\u00e1 d\u00e9cadas por pesquisadores preocupados em fazer a integra\u00e7\u00e3o tecnologia e escola, on-line e presencial. De um modo geral, as tecnologias [&hellip;]<\/p>\n","protected":false},"author":990002,"featured_media":0,"comment_status":"open","ping_status":"open","sticky":false,"template":"","format":"standard","meta":[],"categories":[77],"tags":[],"_links":{"self":[{"href":"https:\/\/www.tercaria.com.br\/index.php?rest_route=\/wp\/v2\/posts\/3880"}],"collection":[{"href":"https:\/\/www.tercaria.com.br\/index.php?rest_route=\/wp\/v2\/posts"}],"about":[{"href":"https:\/\/www.tercaria.com.br\/index.php?rest_route=\/wp\/v2\/types\/post"}],"author":[{"embeddable":true,"href":"https:\/\/www.tercaria.com.br\/index.php?rest_route=\/wp\/v2\/users\/990002"}],"replies":[{"embeddable":true,"href":"https:\/\/www.tercaria.com.br\/index.php?rest_route=%2Fwp%2Fv2%2Fcomments&post=3880"}],"version-history":[{"count":2,"href":"https:\/\/www.tercaria.com.br\/index.php?rest_route=\/wp\/v2\/posts\/3880\/revisions"}],"predecessor-version":[{"id":3883,"href":"https:\/\/www.tercaria.com.br\/index.php?rest_route=\/wp\/v2\/posts\/3880\/revisions\/3883"}],"wp:attachment":[{"href":"https:\/\/www.tercaria.com.br\/index.php?rest_route=%2Fwp%2Fv2%2Fmedia&parent=3880"}],"wp:term":[{"taxonomy":"category","embeddable":true,"href":"https:\/\/www.tercaria.com.br\/index.php?rest_route=%2Fwp%2Fv2%2Fcategories&post=3880"},{"taxonomy":"post_tag","embeddable":true,"href":"https:\/\/www.tercaria.com.br\/index.php?rest_route=%2Fwp%2Fv2%2Ftags&post=3880"}],"curies":[{"name":"wp","href":"https:\/\/api.w.org\/{rel}","templated":true}]}}